{"id":4965,"date":"2021-11-22T08:24:12","date_gmt":"2021-11-22T08:24:12","guid":{"rendered":"https:\/\/www.volkanaktas.com.tr\/test3\/?p=4965"},"modified":"2021-12-15T09:30:10","modified_gmt":"2021-12-15T09:30:10","slug":"sarimsakli","status":"publish","type":"post","link":"https:\/\/www.cundaesenotel.com\/gr\/sarimsakli\/","title":{"rendered":"Sar\u0131msakl\u0131"},"content":{"rendered":"\t\t<div data-elementor-type=\"wp-post\" data-elementor-id=\"4965\" class=\"elementor elementor-4965\" data-elementor-settings=\"[]\">\n\t\t\t\t\t\t\t<div class=\"elementor-section-wrap\">\n\t\t\t\t\t\t\t<section class=\"elementor-section elementor-top-section elementor-element elementor-element-471c052c elementor-section-boxed elementor-section-height-default elementor-section-height-default\" data-id=\"471c052c\" data-element_type=\"section\">\n\t\t\t\t\t\t<div class=\"elementor-container elementor-column-gap-default\">\n\t\t\t\t\t<div class=\"elementor-column elementor-col-100 elementor-top-column elementor-element elementor-element-41ac6435\" data-id=\"41ac6435\" data-element_type=\"column\">\n\t\t\t<div class=\"elementor-widget-wrap elementor-element-populated\">\n\t\t\t\t\t\t\t\t<div class=\"elementor-element elementor-element-5e818d33 elementor-widget elementor-widget-text-editor\" data-id=\"5e818d33\" data-element_type=\"widget\" data-widget_type=\"text-editor.default\">\n\t\t\t\t<div class=\"elementor-widget-container\">\n\t\t\t\t\t\t\t<p>Sar\u0131msakl\u0131, Ayval\u0131k il\u00e7e merkezine ortalama 5 Km. mesafede yer alan bir oteller b\u00f6lgesidir. \u0130nce bir kuma sahip olan Sar\u0131msakl\u0131 plaj\u0131 8 Km. uzunlu\u011funda olup 100 m. enindedir. Kozak ve onu \u00e7evreleyen tepeleri meydana getiren granitin, \u00e7e\u015fitli etmenler yoluyla \u00e7\u00f6z\u00fcnt\u00fcye u\u011framas\u0131 sonucu olu\u015fmu\u015ftur. Kumunun farkl\u0131l\u0131\u011f\u0131 v\u00fccuda yap\u0131\u015fmamas\u0131d\u0131r. Sar\u0131msakl\u0131 Plaj\u0131n\u0131n bir di\u011fer g\u00fczelli\u011fi kristal berrakl\u0131\u011f\u0131nda temiz ve serin sular\u0131nda y\u00fczmektir.<\/p>\t\t\t\t\t\t<\/div>\n\t\t\t\t<\/div>\n\t\t\t\t\t<\/div>\n\t\t<\/div>\n\t\t\t\t\t\t\t<\/div>\n\t\t<\/section>\n\t\t\t\t\t\t<\/div>\n\t\t\t\t\t<\/div>\n\t\t","protected":false},"excerpt":{"rendered":"<p>Sar\u0131msakl\u0131, Ayval\u0131k il\u00e7e merkezine ortalama 5 Km. mesafede yer alan bir oteller b\u00f6lgesidir. \u0130nce bir kuma sahip olan Sar\u0131msakl\u0131 plaj\u0131 8 Km. uzunlu\u011funda olup 100 m. enindedir. Kozak ve onu \u00e7evreleyen tepeleri meydana getiren granitin, \u00e7e\u015fitli etmenler yoluyla \u00e7\u00f6z\u00fcnt\u00fcye u\u011framas\u0131 sonucu olu\u015fmu\u015ftur. Kumunun farkl\u0131l\u0131\u011f\u0131 v\u00fccuda yap\u0131\u015fmamas\u0131d\u0131r. Sar\u0131msakl\u0131 Plaj\u0131n\u0131n bir di\u011fer g\u00fczelli\u011fi kristal berrakl\u0131\u011f\u0131nda temiz ve <\/p>\n","protected":false},"author":2,"featured_media":5962,"comment_status":"closed","ping_status":"closed","sticky":false,"template":"","format":"standard","meta":{"footnotes":""},"categories":[1],"tags":[],"class_list":["post-4965","post","type-post","status-publish","format-standard","has-post-thumbnail","hentry","category-gezilecek-yerler"],"yoast_head":"<!-- This site is optimized with the Yoast SEO plugin v17.7.1 - https:\/\/yoast.com\/wordpress\/plugins\/seo\/ -->\n<title>Sar\u0131msakl\u0131 - Cunda Esen Otel<\/title>\n<meta name=\"description\" content=\"Ayval\u0131k plajlar b\u00f6lgesi sar\u0131msakl\u0131 ve do\u011fa manzaras\u0131n\u0131n yan\u0131nda g\u00fcn bat\u0131m\u0131na sahip \u015feytan sofras\u0131 mutlaka g\u00f6r\u00fclmesi gereken noktad\u0131r.\" \/>\n<meta name=\"robots\" content=\"index, follow, max-snippet:-1, max-image-preview:large, max-video-preview:-1\" \/>\n<link rel=\"canonical\" href=\"https:\/\/www.cundaesenotel.com\/gr\/sarimsakli\/\" \/>\n<meta property=\"og:locale\" content=\"tr_TR\" \/>\n<meta property=\"og:type\" content=\"article\" \/>\n<meta property=\"og:title\" content=\"Sar\u0131msakl\u0131 - Cunda Esen Otel\" \/>\n<meta property=\"og:description\" content=\"Ayval\u0131k plajlar b\u00f6lgesi sar\u0131msakl\u0131 ve do\u011fa manzaras\u0131n\u0131n yan\u0131nda g\u00fcn bat\u0131m\u0131na sahip \u015feytan sofras\u0131 mutlaka g\u00f6r\u00fclmesi gereken noktad\u0131r.\" \/>\n<meta property=\"og:url\" content=\"https:\/\/www.cundaesenotel.com\/gr\/sarimsakli\/\" \/>\n<meta property=\"og:site_name\" content=\"Cunda Esen Otel\" \/>\n<meta property=\"article:published_time\" content=\"2021-11-22T08:24:12+00:00\" \/>\n<meta property=\"article:modified_time\" content=\"2021-12-15T09:30:10+00:00\" \/>\n<meta property=\"og:image\" content=\"https:\/\/www.cundaesenotel.com\/gr\/wp-content\/uploads\/2021\/11\/sarimsakliseytansofrasi.jpg\" \/>\n\t<meta property=\"og:image:width\" content=\"1000\" \/>\n\t<meta property=\"og:image:height\" content=\"669\" \/>\n<meta name=\"twitter:card\" content=\"summary_large_image\" \/>\n<meta name=\"twitter:label1\" content=\"Yazan:\" \/>\n\t<meta name=\"twitter:data1\" content=\"mehmet\" \/>\n\t<meta name=\"twitter:label2\" content=\"Tahmini okuma s\u00fcresi\" \/>\n\t<meta name=\"twitter:data2\" content=\"1 dakika\" \/>\n<script type=\"application\/ld+json\" class=\"yoast-schema-graph\">{\"@context\":\"https:\/\/schema.org\",\"@graph\":[{\"@type\":\"Organization\",\"@id\":\"https:\/\/www.cundaesenotel.com\/gr\/#organization\",\"name\":\"Cunda Esen Otel\",\"url\":\"https:\/\/www.cundaesenotel.com\/gr\/\",\"sameAs\":[],\"logo\":{\"@type\":\"ImageObject\",\"@id\":\"https:\/\/www.cundaesenotel.com\/gr\/#logo\",\"inLanguage\":\"tr\",\"url\":\"https:\/\/www.volkanaktas.com.tr\/test3\/wp-content\/uploads\/2021\/11\/cundaesenotelhakkimizdaic.jpg\",\"contentUrl\":\"https:\/\/www.volkanaktas.com.tr\/test3\/wp-content\/uploads\/2021\/11\/cundaesenotelhakkimizdaic.jpg\",\"width\":1600,\"height\":600,\"caption\":\"Cunda Esen Otel\"},\"image\":{\"@id\":\"https:\/\/www.cundaesenotel.com\/gr\/#logo\"}},{\"@type\":\"WebSite\",\"@id\":\"https:\/\/www.cundaesenotel.com\/gr\/#website\",\"url\":\"https:\/\/www.cundaesenotel.com\/gr\/\",\"name\":\"Cunda Esen Otel\",\"description\":\"\\u0391\\u03ca\\u03b2\\u03b1\\u03bb\\u03af - \\u039c\\u039f\\u03a3\\u03a7\\u039f\\u039d\\u0397\\u03a3\\u0399\",\"publisher\":{\"@id\":\"https:\/\/www.cundaesenotel.com\/gr\/#organization\"},\"potentialAction\":[{\"@type\":\"SearchAction\",\"target\":{\"@type\":\"EntryPoint\",\"urlTemplate\":\"https:\/\/www.cundaesenotel.com\/gr\/?s={search_term_string}\"},\"query-input\":\"required name=search_term_string\"}],\"inLanguage\":\"tr\"},{\"@type\":\"ImageObject\",\"@id\":\"https:\/\/www.cundaesenotel.com\/gr\/sarimsakli\/#primaryimage\",\"inLanguage\":\"tr\",\"url\":\"https:\/\/www.cundaesenotel.com\/gr\/wp-content\/uploads\/2021\/11\/sarimsakliseytansofrasi.jpg\",\"contentUrl\":\"https:\/\/www.cundaesenotel.com\/gr\/wp-content\/uploads\/2021\/11\/sarimsakliseytansofrasi.jpg\",\"width\":1000,\"height\":669},{\"@type\":\"WebPage\",\"@id\":\"https:\/\/www.cundaesenotel.com\/gr\/sarimsakli\/#webpage\",\"url\":\"https:\/\/www.cundaesenotel.com\/gr\/sarimsakli\/\",\"name\":\"Sar\\u0131msakl\\u0131 - Cunda Esen Otel\",\"isPartOf\":{\"@id\":\"https:\/\/www.cundaesenotel.com\/gr\/#website\"},\"primaryImageOfPage\":{\"@id\":\"https:\/\/www.cundaesenotel.com\/gr\/sarimsakli\/#primaryimage\"},\"datePublished\":\"2021-11-22T08:24:12+00:00\",\"dateModified\":\"2021-12-15T09:30:10+00:00\",\"description\":\"Ayval\\u0131k plajlar b\\u00f6lgesi sar\\u0131msakl\\u0131 ve do\\u011fa manzaras\\u0131n\\u0131n yan\\u0131nda g\\u00fcn bat\\u0131m\\u0131na sahip \\u015feytan sofras\\u0131 mutlaka g\\u00f6r\\u00fclmesi gereken noktad\\u0131r.\",\"breadcrumb\":{\"@id\":\"https:\/\/www.cundaesenotel.com\/gr\/sarimsakli\/#breadcrumb\"},\"inLanguage\":\"tr\",\"potentialAction\":[{\"@type\":\"ReadAction\",\"target\":[\"https:\/\/www.cundaesenotel.com\/gr\/sarimsakli\/\"]}]},{\"@type\":\"BreadcrumbList\",\"@id\":\"https:\/\/www.cundaesenotel.com\/gr\/sarimsakli\/#breadcrumb\",\"itemListElement\":[{\"@type\":\"ListItem\",\"position\":1,\"name\":\"Anasayfa\",\"item\":\"https:\/\/www.cundaesenotel.com\/gr\/\"},{\"@type\":\"ListItem\",\"position\":2,\"name\":\"Sar\\u0131msakl\\u0131\"}]},{\"@type\":\"Article\",\"@id\":\"https:\/\/www.cundaesenotel.com\/gr\/sarimsakli\/#article\",\"isPartOf\":{\"@id\":\"https:\/\/www.cundaesenotel.com\/gr\/sarimsakli\/#webpage\"},\"author\":{\"@id\":\"https:\/\/www.cundaesenotel.com\/gr\/#\/schema\/person\/b30b9f3ecf8858c19c5332cb8415b40e\"},\"headline\":\"Sar\\u0131msakl\\u0131\",\"datePublished\":\"2021-11-22T08:24:12+00:00\",\"dateModified\":\"2021-12-15T09:30:10+00:00\",\"mainEntityOfPage\":{\"@id\":\"https:\/\/www.cundaesenotel.com\/gr\/sarimsakli\/#webpage\"},\"wordCount\":83,\"publisher\":{\"@id\":\"https:\/\/www.cundaesenotel.com\/gr\/#organization\"},\"image\":{\"@id\":\"https:\/\/www.cundaesenotel.com\/gr\/sarimsakli\/#primaryimage\"},\"thumbnailUrl\":\"https:\/\/www.cundaesenotel.com\/gr\/wp-content\/uploads\/2021\/11\/sarimsakliseytansofrasi.jpg\",\"articleSection\":[\"Gezilecek Yerler\"],\"inLanguage\":\"tr\"},{\"@type\":\"Person\",\"@id\":\"https:\/\/www.cundaesenotel.com\/gr\/#\/schema\/person\/b30b9f3ecf8858c19c5332cb8415b40e\",\"name\":\"mehmet\",\"url\":\"https:\/\/www.cundaesenotel.com\/gr\/author\/mehmet\/\"}]}<\/script>\n<!-- \/ Yoast SEO plugin. -->","yoast_head_json":{"title":"Sar\u0131msakl\u0131 - Cunda Esen Otel","description":"Ayval\u0131k plajlar b\u00f6lgesi sar\u0131msakl\u0131 ve do\u011fa manzaras\u0131n\u0131n yan\u0131nda g\u00fcn bat\u0131m\u0131na sahip \u015feytan sofras\u0131 mutlaka g\u00f6r\u00fclmesi gereken noktad\u0131r.","robots":{"index":"index","follow":"follow","max-snippet":"max-snippet:-1","max-image-preview":"max-image-preview:large","max-video-preview":"max-video-preview:-1"},"canonical":"https:\/\/www.cundaesenotel.com\/gr\/sarimsakli\/","og_locale":"tr_TR","og_type":"article","og_title":"Sar\u0131msakl\u0131 - Cunda Esen Otel","og_description":"Ayval\u0131k plajlar b\u00f6lgesi sar\u0131msakl\u0131 ve do\u011fa manzaras\u0131n\u0131n yan\u0131nda g\u00fcn bat\u0131m\u0131na sahip \u015feytan sofras\u0131 mutlaka g\u00f6r\u00fclmesi gereken noktad\u0131r.","og_url":"https:\/\/www.cundaesenotel.com\/gr\/sarimsakli\/","og_site_name":"Cunda Esen Otel","article_published_time":"2021-11-22T08:24:12+00:00","article_modified_time":"2021-12-15T09:30:10+00:00","og_image":[{"width":1000,"height":669,"url":"https:\/\/www.cundaesenotel.com\/gr\/wp-content\/uploads\/2021\/11\/sarimsakliseytansofrasi.jpg","type":"image\/jpeg"}],"twitter_card":"summary_large_image","twitter_misc":{"Yazan:":"mehmet","Tahmini okuma s\u00fcresi":"1 dakika"},"schema":{"@context":"https:\/\/schema.org","@graph":[{"@type":"Organization","@id":"https:\/\/www.cundaesenotel.com\/gr\/#organization","name":"Cunda Esen Otel","url":"https:\/\/www.cundaesenotel.com\/gr\/","sameAs":[],"logo":{"@type":"ImageObject","@id":"https:\/\/www.cundaesenotel.com\/gr\/#logo","inLanguage":"tr","url":"https:\/\/www.volkanaktas.com.tr\/test3\/wp-content\/uploads\/2021\/11\/cundaesenotelhakkimizdaic.jpg","contentUrl":"https:\/\/www.volkanaktas.com.tr\/test3\/wp-content\/uploads\/2021\/11\/cundaesenotelhakkimizdaic.jpg","width":1600,"height":600,"caption":"Cunda Esen Otel"},"image":{"@id":"https:\/\/www.cundaesenotel.com\/gr\/#logo"}},{"@type":"WebSite","@id":"https:\/\/www.cundaesenotel.com\/gr\/#website","url":"https:\/\/www.cundaesenotel.com\/gr\/","name":"Cunda Esen Otel","description":"\u0391\u03ca\u03b2\u03b1\u03bb\u03af - \u039c\u039f\u03a3\u03a7\u039f\u039d\u0397\u03a3\u0399","publisher":{"@id":"https:\/\/www.cundaesenotel.com\/gr\/#organization"},"potentialAction":[{"@type":"SearchAction","target":{"@type":"EntryPoint","urlTemplate":"https:\/\/www.cundaesenotel.com\/gr\/?s={search_term_string}"},"query-input":"required name=search_term_string"}],"inLanguage":"tr"},{"@type":"ImageObject","@id":"https:\/\/www.cundaesenotel.com\/gr\/sarimsakli\/#primaryimage","inLanguage":"tr","url":"https:\/\/www.cundaesenotel.com\/gr\/wp-content\/uploads\/2021\/11\/sarimsakliseytansofrasi.jpg","contentUrl":"https:\/\/www.cundaesenotel.com\/gr\/wp-content\/uploads\/2021\/11\/sarimsakliseytansofrasi.jpg","width":1000,"height":669},{"@type":"WebPage","@id":"https:\/\/www.cundaesenotel.com\/gr\/sarimsakli\/#webpage","url":"https:\/\/www.cundaesenotel.com\/gr\/sarimsakli\/","name":"Sar\u0131msakl\u0131 - Cunda Esen Otel","isPartOf":{"@id":"https:\/\/www.cundaesenotel.com\/gr\/#website"},"primaryImageOfPage":{"@id":"https:\/\/www.cundaesenotel.com\/gr\/sarimsakli\/#primaryimage"},"datePublished":"2021-11-22T08:24:12+00:00","dateModified":"2021-12-15T09:30:10+00:00","description":"Ayval\u0131k plajlar b\u00f6lgesi sar\u0131msakl\u0131 ve do\u011fa manzaras\u0131n\u0131n yan\u0131nda g\u00fcn bat\u0131m\u0131na sahip \u015feytan sofras\u0131 mutlaka g\u00f6r\u00fclmesi gereken noktad\u0131r.","breadcrumb":{"@id":"https:\/\/www.cundaesenotel.com\/gr\/sarimsakli\/#breadcrumb"},"inLanguage":"tr","potentialAction":[{"@type":"ReadAction","target":["https:\/\/www.cundaesenotel.com\/gr\/sarimsakli\/"]}]},{"@type":"BreadcrumbList","@id":"https:\/\/www.cundaesenotel.com\/gr\/sarimsakli\/#breadcrumb","itemListElement":[{"@type":"ListItem","position":1,"name":"Anasayfa","item":"https:\/\/www.cundaesenotel.com\/gr\/"},{"@type":"ListItem","position":2,"name":"Sar\u0131msakl\u0131"}]},{"@type":"Article","@id":"https:\/\/www.cundaesenotel.com\/gr\/sarimsakli\/#article","isPartOf":{"@id":"https:\/\/www.cundaesenotel.com\/gr\/sarimsakli\/#webpage"},"author":{"@id":"https:\/\/www.cundaesenotel.com\/gr\/#\/schema\/person\/b30b9f3ecf8858c19c5332cb8415b40e"},"headline":"Sar\u0131msakl\u0131","datePublished":"2021-11-22T08:24:12+00:00","dateModified":"2021-12-15T09:30:10+00:00","mainEntityOfPage":{"@id":"https:\/\/www.cundaesenotel.com\/gr\/sarimsakli\/#webpage"},"wordCount":83,"publisher":{"@id":"https:\/\/www.cundaesenotel.com\/gr\/#organization"},"image":{"@id":"https:\/\/www.cundaesenotel.com\/gr\/sarimsakli\/#primaryimage"},"thumbnailUrl":"https:\/\/www.cundaesenotel.com\/gr\/wp-content\/uploads\/2021\/11\/sarimsakliseytansofrasi.jpg","articleSection":["Gezilecek Yerler"],"inLanguage":"tr"},{"@type":"Person","@id":"https:\/\/www.cundaesenotel.com\/gr\/#\/schema\/person\/b30b9f3ecf8858c19c5332cb8415b40e","name":"mehmet","url":"https:\/\/www.cundaesenotel.com\/gr\/author\/mehmet\/"}]}},"_links":{"self":[{"href":"https:\/\/www.cundaesenotel.com\/gr\/wp-json\/wp\/v2\/posts\/4965","targetHints":{"allow":["GET"]}}],"collection":[{"href":"https:\/\/www.cundaesenotel.com\/gr\/wp-json\/wp\/v2\/posts"}],"about":[{"href":"https:\/\/www.cundaesenotel.com\/gr\/wp-json\/wp\/v2\/types\/post"}],"author":[{"embeddable":true,"href":"https:\/\/www.cundaesenotel.com\/gr\/wp-json\/wp\/v2\/users\/2"}],"replies":[{"embeddable":true,"href":"https:\/\/www.cundaesenotel.com\/gr\/wp-json\/wp\/v2\/comments?post=4965"}],"version-history":[{"count":7,"href":"https:\/\/www.cundaesenotel.com\/gr\/wp-json\/wp\/v2\/posts\/4965\/revisions"}],"predecessor-version":[{"id":5975,"href":"https:\/\/www.cundaesenotel.com\/gr\/wp-json\/wp\/v2\/posts\/4965\/revisions\/5975"}],"wp:featuredmedia":[{"embeddable":true,"href":"https:\/\/www.cundaesenotel.com\/gr\/wp-json\/wp\/v2\/media\/5962"}],"wp:attachment":[{"href":"https:\/\/www.cundaesenotel.com\/gr\/wp-json\/wp\/v2\/media?parent=4965"}],"wp:term":[{"taxonomy":"category","embeddable":true,"href":"https:\/\/www.cundaesenotel.com\/gr\/wp-json\/wp\/v2\/categories?post=4965"},{"taxonomy":"post_tag","embeddable":true,"href":"https:\/\/www.cundaesenotel.com\/gr\/wp-json\/wp\/v2\/tags?post=4965"}],"curies":[{"name":"wp","href":"https:\/\/api.w.org\/{rel}","templated":true}]}}